{"id":38943,"date":"2024-01-17T15:12:23","date_gmt":"2024-01-17T14:12:23","guid":{"rendered":"https:\/\/www.epitech.eu\/?p=38943"},"modified":"2024-01-21T10:19:28","modified_gmt":"2024-01-21T09:19:28","slug":"epitech-obtient-le-visa-du-ministere-de-lenseignement-superieur-et-de-la-recherche","status":"publish","type":"post","link":"https:\/\/www.epitech.eu\/2024\/01\/17\/epitech-obtient-le-visa-du-ministere-de-lenseignement-superieur-et-de-la-recherche\/","title":{"rendered":"Epitech obtient le Visa du Minist\u00e8re de l&rsquo;Enseignement sup\u00e9rieur et de la Recherche"},"content":{"rendered":"\n<h4 class=\"wp-block-heading\" id=\"h-\"><\/h4>\n\n\n\n<p><strong>Epitech,\u00a0\u00e9cole de r\u00e9f\u00e9rence en informatique, franchit une \u00e9tape historique avec l\u2019obtention du Visa du Minist\u00e8re de l\u2019Enseignement Sup\u00e9rieur et de la Recherche (MESR) pour son Programme Grande Ecole. Epitech devient ainsi la premi\u00e8re \u00e9cole en informatique non CTI, c\u2019est \u00e0 dire en dehors des \u00e9cole d\u2019ing\u00e9nieurs, \u00e0 b\u00e9n\u00e9ficier d\u2019une telle reconnaissance. Coupl\u00e9 \u00e0 son titre enregistr\u00e9 au RNCP au niveau 7, ce visa confirme la qualit\u00e9 de l\u2019enseignement d\u2019Epitech et l\u2018excellence de sa formation.<\/strong><\/p>\n\n\n\n<p>Epitech forme depuis 25 ans de futurs ing\u00e9nieurs en informatique unanimement reconnus dans le monde des entreprises&nbsp;pour leurs comp\u00e9tences et leur leadership technologique, mais aussi des professionnel(les) soucieux de leur environnement,\u202fform\u00e9s \u00e0 la dimension internationale et capables de prendre pleinement part&nbsp;aux transformations du monde qui les entoure.<\/p>\n\n\n\n<p>Implant\u00e9e&nbsp;sur 15 campus en France et 4 \u00e0 l\u2019international,&nbsp;Epitech propose un mod\u00e8le&nbsp;p\u00e9dagogique novateur fond\u00e9 sur la r\u00e9alisation de projets en mode collaboratif.&nbsp;<strong>Pendant 5 ann\u00e9es, dont une pass\u00e9e \u00e0 l\u2019\u00e9tranger au sein de l\u2019<\/strong><strong>une des 107 universit\u00e9s partenaires, les \u00e9tudiants suivent un cursus pr\u00e9cis\u00e9ment construit pour garantir le d\u00e9veloppement de comp\u00e9tences expertes en ing\u00e9nierie logicielle, en Intelligence Artificielle et en cybers\u00e9curit\u00e9.&nbsp;<\/strong>Dans un monde technologique et entrepreneurial en constante mutation, nos \u00e9tudiants sont capables d\u2019apprendre, de d\u00e9sapprendre et r\u00e9apprendre. Ils s\u2019assurent ainsi une r\u00e9ussite professionnelle ambitieuse et durable.&nbsp;<\/p>\n\n\n\n<p>L\u2019obtention de ce Visa valide la qualit\u00e9 et la p\u00e9dagogie d\u2019Epitech, avec son principe phare\u202f:&nbsp;<strong>la p\u00e9dagogie exp\u00e9rientielle (ou par projet), qui a amplement servi de mod<\/strong><strong>\u00e8le depuis.&nbsp;<\/strong><\/p>\n\n\n\n<p>Le visa renforce \u00e9galement le positionnement d\u2019Epitech comme un acteur incontournable de l\u2019\u00e9ducation en informatique et t\u00e9moigne de la qualit\u00e9 de la formation dispens\u00e9e.<\/p>\n\n\n\n<p>Enfin, il ouvre de nouvelles perspectives avec un nouvel engagement dans la recherche qui favorisera l\u2019enrichissement p\u00e9dagogique et l\u2019exp\u00e9rience d\u2019apprentissage des \u00e9tudiants.<\/p>\n\n\n\n<p>\u00ab\u202f<em>Avec l\u2019obtention du visa du MESR, Epitech affiche sa d\u00e9termination \u00e0&nbsp;rester&nbsp;\u00e0 la pointe de l\u2019innovation \u00e9ducative et \u00e0 pr\u00e9parer les \u00e9tudiants aux d\u00e9fis de demain. L\u2019\u00e9cole anticipe une augmentation de la mobilit\u00e9 internationale des \u00e9tudiants et renforce ses partenariats avec des institutions de renom. La recherche, qui fait son entr\u00e9e dans&nbsp;la strat\u00e9gie de d\u00e9veloppement, ouvrira de nouvelles opportunit\u00e9s pour Epitech. Forte de son pass\u00e9 et tourn\u00e9e vers l\u2019avenir, Epitech continue de fa\u00e7onner la prochaine g\u00e9n\u00e9ration d\u2019experts en informatique, pr\u00eate \u00e0 relever les d\u00e9fis technologiques \u00e0 venir.\u202f\u00bb&nbsp;<\/em><strong>Gildas Vinson, Directeur G\u00e9n\u00e9ral de la P\u00e9dagogie&nbsp; \u2013&nbsp;Programme Grande Ecole \u2013 Epitech\u202f&nbsp;<\/strong><\/p>\n\n\n\n<p><\/p>\n","protected":false},"excerpt":{"rendered":"<p>Epitech,\u00a0\u00e9cole de r\u00e9f\u00e9rence en informatique, franchit une \u00e9tape historique avec l\u2019obtention du Visa du Minist\u00e8re de l\u2019Enseignement Sup\u00e9rieur et de la Recherche (MESR) pour son Programme Grande Ecole. Epitech devient ainsi la premi\u00e8re \u00e9cole en informatique non CTI, c\u2019est \u00e0 dire en dehors des \u00e9cole d\u2019ing\u00e9nieurs, \u00e0 b\u00e9n\u00e9ficier d\u2019une telle reconnaissance. Coupl\u00e9 \u00e0 son titre&#8230;<\/p>\n","protected":false},"author":15,"featured_media":38962,"comment_status":"closed","ping_status":"open","sticky":false,"template":"","format":"standard","meta":{"_acf_changed":false,"inline_featured_image":false,"footnotes":""},"categories":[7,1],"tags":[],"region":[],"class_list":["post-38943","post","type-post","status-publish","format-standard","has-post-thumbnail","hentry","category-ecole","category-non-classe"],"acf":[],"yoast_head":"<!-- This site is optimized with the Yoast SEO Premium plugin v22.8 (Yoast SEO v25.7) - https:\/\/yoast.com\/wordpress\/plugins\/seo\/ -->\n<title>Epitech obtient le Visa du Minist\u00e8re de l&#039;Enseignement sup\u00e9rieur et de la Recherche - Epitech<\/title>\n<meta name=\"robots\" content=\"index, follow, max-snippet:-1, max-image-preview:large, max-video-preview:-1\" \/>\n<link rel=\"canonical\" href=\"https:\/\/www.epitech.eu\/2024\/01\/17\/epitech-obtient-le-visa-du-ministere-de-lenseignement-superieur-et-de-la-recherche\/\" \/>\n<meta property=\"og:locale\" content=\"fr_FR\" \/>\n<meta property=\"og:type\" content=\"article\" \/>\n<meta property=\"og:title\" content=\"Epitech obtient le Visa du Minist\u00e8re de l&#039;Enseignement sup\u00e9rieur et de la Recherche\" \/>\n<meta property=\"og:description\" content=\"Epitech,\u00a0\u00e9cole de r\u00e9f\u00e9rence en informatique, franchit une \u00e9tape historique avec l\u2019obtention du Visa du Minist\u00e8re de l\u2019Enseignement Sup\u00e9rieur et de la Recherche (MESR) pour son Programme Grande Ecole. Epitech devient ainsi la premi\u00e8re \u00e9cole en informatique non CTI, c\u2019est \u00e0 dire en dehors des \u00e9cole d\u2019ing\u00e9nieurs, \u00e0 b\u00e9n\u00e9ficier d\u2019une telle reconnaissance. Coupl\u00e9 \u00e0 son titre...\" \/>\n<meta property=\"og:url\" content=\"https:\/\/www.epitech.eu\/2024\/01\/17\/epitech-obtient-le-visa-du-ministere-de-lenseignement-superieur-et-de-la-recherche\/\" \/>\n<meta property=\"og:site_name\" content=\"Epitech\" \/>\n<meta property=\"article:published_time\" content=\"2024-01-17T14:12:23+00:00\" \/>\n<meta property=\"article:modified_time\" content=\"2024-01-21T09:19:28+00:00\" \/>\n<meta property=\"og:image\" content=\"https:\/\/www.epitech.eu\/wp-content\/uploads\/Article_Visa.jpg\" \/>\n\t<meta property=\"og:image:width\" content=\"1500\" \/>\n\t<meta property=\"og:image:height\" content=\"840\" \/>\n\t<meta property=\"og:image:type\" content=\"image\/jpeg\" \/>\n<meta name=\"author\" content=\"Estelle Vidal\" \/>\n<meta name=\"twitter:card\" content=\"summary_large_image\" \/>\n<meta name=\"twitter:label1\" content=\"\u00c9crit par\" \/>\n\t<meta name=\"twitter:data1\" content=\"Estelle Vidal\" \/>\n\t<meta name=\"twitter:label2\" content=\"Dur\u00e9e de lecture estim\u00e9e\" \/>\n\t<meta name=\"twitter:data2\" content=\"3 minutes\" \/>\n<script type=\"application\/ld+json\" class=\"yoast-schema-graph\">{\"@context\":\"https:\/\/schema.org\",\"@graph\":[{\"@type\":\"Article\",\"@id\":\"https:\/\/www.epitech.eu\/2024\/01\/17\/epitech-obtient-le-visa-du-ministere-de-lenseignement-superieur-et-de-la-recherche\/#article\",\"isPartOf\":{\"@id\":\"https:\/\/www.epitech.eu\/2024\/01\/17\/epitech-obtient-le-visa-du-ministere-de-lenseignement-superieur-et-de-la-recherche\/\"},\"author\":{\"name\":\"Estelle Vidal\",\"@id\":\"https:\/\/www.epitech.eu\/#\/schema\/person\/ddf3f69348070b9f1c680d0d19077af5\"},\"headline\":\"Epitech obtient le Visa du Minist\u00e8re de l&rsquo;Enseignement sup\u00e9rieur et de la Recherche\",\"datePublished\":\"2024-01-17T14:12:23+00:00\",\"dateModified\":\"2024-01-21T09:19:28+00:00\",\"mainEntityOfPage\":{\"@id\":\"https:\/\/www.epitech.eu\/2024\/01\/17\/epitech-obtient-le-visa-du-ministere-de-lenseignement-superieur-et-de-la-recherche\/\"},\"wordCount\":483,\"publisher\":{\"@id\":\"https:\/\/www.epitech.eu\/#organization\"},\"image\":{\"@id\":\"https:\/\/www.epitech.eu\/2024\/01\/17\/epitech-obtient-le-visa-du-ministere-de-lenseignement-superieur-et-de-la-recherche\/#primaryimage\"},\"thumbnailUrl\":\"https:\/\/www.epitech.eu\/wp-content\/uploads\/Article_Visa.jpg\",\"articleSection\":[\"L'\u00e9cole\"],\"inLanguage\":\"fr-FR\"},{\"@type\":\"WebPage\",\"@id\":\"https:\/\/www.epitech.eu\/2024\/01\/17\/epitech-obtient-le-visa-du-ministere-de-lenseignement-superieur-et-de-la-recherche\/\",\"url\":\"https:\/\/www.epitech.eu\/2024\/01\/17\/epitech-obtient-le-visa-du-ministere-de-lenseignement-superieur-et-de-la-recherche\/\",\"name\":\"Epitech obtient le Visa du Minist\u00e8re de l'Enseignement sup\u00e9rieur et de la Recherche - Epitech\",\"isPartOf\":{\"@id\":\"https:\/\/www.epitech.eu\/#website\"},\"primaryImageOfPage\":{\"@id\":\"https:\/\/www.epitech.eu\/2024\/01\/17\/epitech-obtient-le-visa-du-ministere-de-lenseignement-superieur-et-de-la-recherche\/#primaryimage\"},\"image\":{\"@id\":\"https:\/\/www.epitech.eu\/2024\/01\/17\/epitech-obtient-le-visa-du-ministere-de-lenseignement-superieur-et-de-la-recherche\/#primaryimage\"},\"thumbnailUrl\":\"https:\/\/www.epitech.eu\/wp-content\/uploads\/Article_Visa.jpg\",\"datePublished\":\"2024-01-17T14:12:23+00:00\",\"dateModified\":\"2024-01-21T09:19:28+00:00\",\"breadcrumb\":{\"@id\":\"https:\/\/www.epitech.eu\/2024\/01\/17\/epitech-obtient-le-visa-du-ministere-de-lenseignement-superieur-et-de-la-recherche\/#breadcrumb\"},\"inLanguage\":\"fr-FR\",\"potentialAction\":[{\"@type\":\"ReadAction\",\"target\":[\"https:\/\/www.epitech.eu\/2024\/01\/17\/epitech-obtient-le-visa-du-ministere-de-lenseignement-superieur-et-de-la-recherche\/\"]}]},{\"@type\":\"ImageObject\",\"inLanguage\":\"fr-FR\",\"@id\":\"https:\/\/www.epitech.eu\/2024\/01\/17\/epitech-obtient-le-visa-du-ministere-de-lenseignement-superieur-et-de-la-recherche\/#primaryimage\",\"url\":\"https:\/\/www.epitech.eu\/wp-content\/uploads\/Article_Visa.jpg\",\"contentUrl\":\"https:\/\/www.epitech.eu\/wp-content\/uploads\/Article_Visa.jpg\",\"width\":1500,\"height\":840},{\"@type\":\"BreadcrumbList\",\"@id\":\"https:\/\/www.epitech.eu\/2024\/01\/17\/epitech-obtient-le-visa-du-ministere-de-lenseignement-superieur-et-de-la-recherche\/#breadcrumb\",\"itemListElement\":[{\"@type\":\"ListItem\",\"position\":1,\"name\":\"Accueil\",\"item\":\"https:\/\/www.epitech.eu\/\"},{\"@type\":\"ListItem\",\"position\":2,\"name\":\"Epitech obtient le Visa du Minist\u00e8re de l&rsquo;Enseignement sup\u00e9rieur et de la Recherche\"}]},{\"@type\":\"WebSite\",\"@id\":\"https:\/\/www.epitech.eu\/#website\",\"url\":\"https:\/\/www.epitech.eu\/\",\"name\":\"Epitech\",\"description\":\"L&#039;\u00e9cole r\u00e9f\u00e9rence de l&#039;expertise informatique\",\"publisher\":{\"@id\":\"https:\/\/www.epitech.eu\/#organization\"},\"potentialAction\":[{\"@type\":\"SearchAction\",\"target\":{\"@type\":\"EntryPoint\",\"urlTemplate\":\"https:\/\/www.epitech.eu\/?s={search_term_string}\"},\"query-input\":{\"@type\":\"PropertyValueSpecification\",\"valueRequired\":true,\"valueName\":\"search_term_string\"}}],\"inLanguage\":\"fr-FR\"},{\"@type\":\"Organization\",\"@id\":\"https:\/\/www.epitech.eu\/#organization\",\"name\":\"Epitech\",\"url\":\"https:\/\/www.epitech.eu\/\",\"logo\":{\"@type\":\"ImageObject\",\"inLanguage\":\"fr-FR\",\"@id\":\"https:\/\/www.epitech.eu\/#\/schema\/logo\/image\/\",\"url\":\"https:\/\/www.epitech.eu\/wp-content\/uploads\/2023\/10\/logo-epitech.svg\",\"contentUrl\":\"https:\/\/www.epitech.eu\/wp-content\/uploads\/2023\/10\/logo-epitech.svg\",\"width\":177,\"height\":44,\"caption\":\"Epitech\"},\"image\":{\"@id\":\"https:\/\/www.epitech.eu\/#\/schema\/logo\/image\/\"}},{\"@type\":\"Person\",\"@id\":\"https:\/\/www.epitech.eu\/#\/schema\/person\/ddf3f69348070b9f1c680d0d19077af5\",\"name\":\"Estelle Vidal\"}]}<\/script>\n<!-- \/ Yoast SEO Premium plugin. -->","yoast_head_json":{"title":"Epitech obtient le Visa du Minist\u00e8re de l'Enseignement sup\u00e9rieur et de la Recherche - Epitech","robots":{"index":"index","follow":"follow","max-snippet":"max-snippet:-1","max-image-preview":"max-image-preview:large","max-video-preview":"max-video-preview:-1"},"canonical":"https:\/\/www.epitech.eu\/2024\/01\/17\/epitech-obtient-le-visa-du-ministere-de-lenseignement-superieur-et-de-la-recherche\/","og_locale":"fr_FR","og_type":"article","og_title":"Epitech obtient le Visa du Minist\u00e8re de l'Enseignement sup\u00e9rieur et de la Recherche","og_description":"Epitech,\u00a0\u00e9cole de r\u00e9f\u00e9rence en informatique, franchit une \u00e9tape historique avec l\u2019obtention du Visa du Minist\u00e8re de l\u2019Enseignement Sup\u00e9rieur et de la Recherche (MESR) pour son Programme Grande Ecole. Epitech devient ainsi la premi\u00e8re \u00e9cole en informatique non CTI, c\u2019est \u00e0 dire en dehors des \u00e9cole d\u2019ing\u00e9nieurs, \u00e0 b\u00e9n\u00e9ficier d\u2019une telle reconnaissance. Coupl\u00e9 \u00e0 son titre...","og_url":"https:\/\/www.epitech.eu\/2024\/01\/17\/epitech-obtient-le-visa-du-ministere-de-lenseignement-superieur-et-de-la-recherche\/","og_site_name":"Epitech","article_published_time":"2024-01-17T14:12:23+00:00","article_modified_time":"2024-01-21T09:19:28+00:00","og_image":[{"width":1500,"height":840,"url":"https:\/\/www.epitech.eu\/wp-content\/uploads\/Article_Visa.jpg","type":"image\/jpeg"}],"author":"Estelle Vidal","twitter_card":"summary_large_image","twitter_misc":{"\u00c9crit par":"Estelle Vidal","Dur\u00e9e de lecture estim\u00e9e":"3 minutes"},"schema":{"@context":"https:\/\/schema.org","@graph":[{"@type":"Article","@id":"https:\/\/www.epitech.eu\/2024\/01\/17\/epitech-obtient-le-visa-du-ministere-de-lenseignement-superieur-et-de-la-recherche\/#article","isPartOf":{"@id":"https:\/\/www.epitech.eu\/2024\/01\/17\/epitech-obtient-le-visa-du-ministere-de-lenseignement-superieur-et-de-la-recherche\/"},"author":{"name":"Estelle Vidal","@id":"https:\/\/www.epitech.eu\/#\/schema\/person\/ddf3f69348070b9f1c680d0d19077af5"},"headline":"Epitech obtient le Visa du Minist\u00e8re de l&rsquo;Enseignement sup\u00e9rieur et de la Recherche","datePublished":"2024-01-17T14:12:23+00:00","dateModified":"2024-01-21T09:19:28+00:00","mainEntityOfPage":{"@id":"https:\/\/www.epitech.eu\/2024\/01\/17\/epitech-obtient-le-visa-du-ministere-de-lenseignement-superieur-et-de-la-recherche\/"},"wordCount":483,"publisher":{"@id":"https:\/\/www.epitech.eu\/#organization"},"image":{"@id":"https:\/\/www.epitech.eu\/2024\/01\/17\/epitech-obtient-le-visa-du-ministere-de-lenseignement-superieur-et-de-la-recherche\/#primaryimage"},"thumbnailUrl":"https:\/\/www.epitech.eu\/wp-content\/uploads\/Article_Visa.jpg","articleSection":["L'\u00e9cole"],"inLanguage":"fr-FR"},{"@type":"WebPage","@id":"https:\/\/www.epitech.eu\/2024\/01\/17\/epitech-obtient-le-visa-du-ministere-de-lenseignement-superieur-et-de-la-recherche\/","url":"https:\/\/www.epitech.eu\/2024\/01\/17\/epitech-obtient-le-visa-du-ministere-de-lenseignement-superieur-et-de-la-recherche\/","name":"Epitech obtient le Visa du Minist\u00e8re de l'Enseignement sup\u00e9rieur et de la Recherche - Epitech","isPartOf":{"@id":"https:\/\/www.epitech.eu\/#website"},"primaryImageOfPage":{"@id":"https:\/\/www.epitech.eu\/2024\/01\/17\/epitech-obtient-le-visa-du-ministere-de-lenseignement-superieur-et-de-la-recherche\/#primaryimage"},"image":{"@id":"https:\/\/www.epitech.eu\/2024\/01\/17\/epitech-obtient-le-visa-du-ministere-de-lenseignement-superieur-et-de-la-recherche\/#primaryimage"},"thumbnailUrl":"https:\/\/www.epitech.eu\/wp-content\/uploads\/Article_Visa.jpg","datePublished":"2024-01-17T14:12:23+00:00","dateModified":"2024-01-21T09:19:28+00:00","breadcrumb":{"@id":"https:\/\/www.epitech.eu\/2024\/01\/17\/epitech-obtient-le-visa-du-ministere-de-lenseignement-superieur-et-de-la-recherche\/#breadcrumb"},"inLanguage":"fr-FR","potentialAction":[{"@type":"ReadAction","target":["https:\/\/www.epitech.eu\/2024\/01\/17\/epitech-obtient-le-visa-du-ministere-de-lenseignement-superieur-et-de-la-recherche\/"]}]},{"@type":"ImageObject","inLanguage":"fr-FR","@id":"https:\/\/www.epitech.eu\/2024\/01\/17\/epitech-obtient-le-visa-du-ministere-de-lenseignement-superieur-et-de-la-recherche\/#primaryimage","url":"https:\/\/www.epitech.eu\/wp-content\/uploads\/Article_Visa.jpg","contentUrl":"https:\/\/www.epitech.eu\/wp-content\/uploads\/Article_Visa.jpg","width":1500,"height":840},{"@type":"BreadcrumbList","@id":"https:\/\/www.epitech.eu\/2024\/01\/17\/epitech-obtient-le-visa-du-ministere-de-lenseignement-superieur-et-de-la-recherche\/#breadcrumb","itemListElement":[{"@type":"ListItem","position":1,"name":"Accueil","item":"https:\/\/www.epitech.eu\/"},{"@type":"ListItem","position":2,"name":"Epitech obtient le Visa du Minist\u00e8re de l&rsquo;Enseignement sup\u00e9rieur et de la Recherche"}]},{"@type":"WebSite","@id":"https:\/\/www.epitech.eu\/#website","url":"https:\/\/www.epitech.eu\/","name":"Epitech","description":"L&#039;\u00e9cole r\u00e9f\u00e9rence de l&#039;expertise informatique","publisher":{"@id":"https:\/\/www.epitech.eu\/#organization"},"potentialAction":[{"@type":"SearchAction","target":{"@type":"EntryPoint","urlTemplate":"https:\/\/www.epitech.eu\/?s={search_term_string}"},"query-input":{"@type":"PropertyValueSpecification","valueRequired":true,"valueName":"search_term_string"}}],"inLanguage":"fr-FR"},{"@type":"Organization","@id":"https:\/\/www.epitech.eu\/#organization","name":"Epitech","url":"https:\/\/www.epitech.eu\/","logo":{"@type":"ImageObject","inLanguage":"fr-FR","@id":"https:\/\/www.epitech.eu\/#\/schema\/logo\/image\/","url":"https:\/\/www.epitech.eu\/wp-content\/uploads\/2023\/10\/logo-epitech.svg","contentUrl":"https:\/\/www.epitech.eu\/wp-content\/uploads\/2023\/10\/logo-epitech.svg","width":177,"height":44,"caption":"Epitech"},"image":{"@id":"https:\/\/www.epitech.eu\/#\/schema\/logo\/image\/"}},{"@type":"Person","@id":"https:\/\/www.epitech.eu\/#\/schema\/person\/ddf3f69348070b9f1c680d0d19077af5","name":"Estelle Vidal"}]}},"_links":{"self":[{"href":"https:\/\/www.epitech.eu\/wp-json\/wp\/v2\/posts\/38943","targetHints":{"allow":["GET"]}}],"collection":[{"href":"https:\/\/www.epitech.eu\/wp-json\/wp\/v2\/posts"}],"about":[{"href":"https:\/\/www.epitech.eu\/wp-json\/wp\/v2\/types\/post"}],"author":[{"embeddable":true,"href":"https:\/\/www.epitech.eu\/wp-json\/wp\/v2\/users\/15"}],"replies":[{"embeddable":true,"href":"https:\/\/www.epitech.eu\/wp-json\/wp\/v2\/comments?post=38943"}],"version-history":[{"count":4,"href":"https:\/\/www.epitech.eu\/wp-json\/wp\/v2\/posts\/38943\/revisions"}],"predecessor-version":[{"id":38964,"href":"https:\/\/www.epitech.eu\/wp-json\/wp\/v2\/posts\/38943\/revisions\/38964"}],"wp:featuredmedia":[{"embeddable":true,"href":"https:\/\/www.epitech.eu\/wp-json\/wp\/v2\/media\/38962"}],"wp:attachment":[{"href":"https:\/\/www.epitech.eu\/wp-json\/wp\/v2\/media?parent=38943"}],"wp:term":[{"taxonomy":"category","embeddable":true,"href":"https:\/\/www.epitech.eu\/wp-json\/wp\/v2\/categories?post=38943"},{"taxonomy":"post_tag","embeddable":true,"href":"https:\/\/www.epitech.eu\/wp-json\/wp\/v2\/tags?post=38943"},{"taxonomy":"region","embeddable":true,"href":"https:\/\/www.epitech.eu\/wp-json\/wp\/v2\/region?post=38943"}],"curies":[{"name":"wp","href":"https:\/\/api.w.org\/{rel}","templated":true}]}}